{"id":3860,"date":"2022-12-22T20:14:32","date_gmt":"2022-12-22T19:14:32","guid":{"rendered":"http:\/\/www.stifterschule.ried.at\/cms\/?p=3860"},"modified":"2023-01-30T17:52:00","modified_gmt":"2023-01-30T16:52:00","slug":"frohe-weihnachten-2","status":"publish","type":"post","link":"http:\/\/www.stifterschule.ried.at\/cms\/2022\/12\/22\/frohe-weihnachten-2\/","title":{"rendered":"Frohe Weihnachten!"},"content":{"rendered":"<p>In unserer gro\u00dfen Krippe im Lichthof sind Josef und Maria nun angekommen. Es sagt uns, dass Weihnachten unmittelbar bevorsteht. Auch die Kinder haben immer wieder beobachtet wie Josef und Maria immer weiter zur Krippe kamen. So konnten sie gut sehen, wie die Tage vergehen und das Fest immer n\u00e4her kommt. Heute hat ein M\u00e4dchen bereits festgestellt: &#8222;Schau, jetzt sans da, de san schon in da Krippe!&#8220;<\/p>\n<p>Mit diesen Worten m\u00f6chten wir Ihnen allen &#8211; Kindern und Familien &#8211; ein sch\u00f6nes Weihnachtsfest w\u00fcnschen. Erholsame Ferien und ein gutes neues Jahr!<\/p>\n\n\n<div id=\"gslideshow\" class=\"gss-container no-captions\">\n\t<div class=\"cycle-slideshow\" \n\t\tdata-cycle-slides=\"> a\"\n\t\tdata-cycle-paused=\"true\"\n\t\tdata-cycle-prev=\"#gslideshow_prev\"\n\t\tdata-cycle-next=\"#gslideshow_next\"\n\t\tdata-cycle-pager=\"#gslideshow_pager\"\n\t\tdata-cycle-pager-template=\"<a href=#>&nbsp;<\/a>\"\n\t\tdata-cycle-speed=\"750\"\n\t\t>\n\t\t\t<a href=\"http:\/\/www.stifterschule.ried.at\/cms\/2022\/12\/22\/frohe-weihnachten-2\/index11-4\/\" data-cycle-caption=\"\"><img decoding=\"async\" src=\"http:\/\/www.stifterschule.ried.at\/cms\/wp-content\/uploads\/2022\/12\/index11.jpg\" title=\"index11\" alt=\"index11\" \/><\/a>\n\n\t\t\t<a href=\"http:\/\/www.stifterschule.ried.at\/cms\/2022\/12\/22\/frohe-weihnachten-2\/attachment\/11\/\" data-cycle-caption=\"\"><img decoding=\"async\" src=\"http:\/\/www.stifterschule.ried.at\/cms\/wp-content\/uploads\/2022\/12\/11.jpg\" title=\"11\" alt=\"11\" \/><\/a>\n\t<\/div>\n\t<div class=\"gss-info\">\n\t\t<div class=\"gss-nav\"><div id=\"gslideshow_prev\" class=\"gss-prev\">&lt;<\/div><div id=\"gslideshow_play\" class=\"gss-play\">&#9658;<\/div><div id=\"gslideshow_next\" class=\"gss-next\">&gt;<\/div><\/div>\n\t\t\t<div id=\"gslideshow_pager\" class=\"gss-pager\"><\/div>\n\t<\/div>\n<\/div>\n\n\n","protected":false},"excerpt":{"rendered":"<p>In unserer gro\u00dfen Krippe im Lichthof sind Josef und Maria nun angekommen. Es sagt uns, dass Weihnachten unmittelbar bevorsteht. Auch die Kinder haben immer wieder beobachtet wie Josef und Maria immer weiter zur Krippe kamen. So konnten sie gut sehen,&hellip; <\/p>\n","protected":false},"author":1,"featured_media":3861,"comment_status":"closed","ping_status":"open","sticky":false,"template":"","format":"standard","meta":{"footnotes":""},"categories":[5,1,7],"tags":[],"class_list":["post-3860","post","type-post","status-publish","format-standard","has-post-thumbnail","hentry","category-aktuelles","category-allgemein","category-nichtaufstartseite"],"_links":{"self":[{"href":"http:\/\/www.stifterschule.ried.at\/cms\/wp-json\/wp\/v2\/posts\/3860","targetHints":{"allow":["GET"]}}],"collection":[{"href":"http:\/\/www.stifterschule.ried.at\/cms\/wp-json\/wp\/v2\/posts"}],"about":[{"href":"http:\/\/www.stifterschule.ried.at\/cms\/wp-json\/wp\/v2\/types\/post"}],"author":[{"embeddable":true,"href":"http:\/\/www.stifterschule.ried.at\/cms\/wp-json\/wp\/v2\/users\/1"}],"replies":[{"embeddable":true,"href":"http:\/\/www.stifterschule.ried.at\/cms\/wp-json\/wp\/v2\/comments?post=3860"}],"version-history":[{"count":2,"href":"http:\/\/www.stifterschule.ried.at\/cms\/wp-json\/wp\/v2\/posts\/3860\/revisions"}],"predecessor-version":[{"id":3864,"href":"http:\/\/www.stifterschule.ried.at\/cms\/wp-json\/wp\/v2\/posts\/3860\/revisions\/3864"}],"wp:featuredmedia":[{"embeddable":true,"href":"http:\/\/www.stifterschule.ried.at\/cms\/wp-json\/wp\/v2\/media\/3861"}],"wp:attachment":[{"href":"http:\/\/www.stifterschule.ried.at\/cms\/wp-json\/wp\/v2\/media?parent=3860"}],"wp:term":[{"taxonomy":"category","embeddable":true,"href":"http:\/\/www.stifterschule.ried.at\/cms\/wp-json\/wp\/v2\/categories?post=3860"},{"taxonomy":"post_tag","embeddable":true,"href":"http:\/\/www.stifterschule.ried.at\/cms\/wp-json\/wp\/v2\/tags?post=3860"}],"curies":[{"name":"wp","href":"https:\/\/api.w.org\/{rel}","templated":true}]}}