{"id":4122,"date":"2023-04-15T12:31:48","date_gmt":"2023-04-15T10:31:48","guid":{"rendered":"http:\/\/www.stifterschule.ried.at\/cms\/?p=4122"},"modified":"2023-09-11T18:38:18","modified_gmt":"2023-09-11T16:38:18","slug":"ein-neuer-lebesnabschnitt-beginnt","status":"publish","type":"post","link":"http:\/\/www.stifterschule.ried.at\/cms\/2023\/04\/15\/ein-neuer-lebesnabschnitt-beginnt\/","title":{"rendered":"Ein neuer Lebesnabschnitt beginnt &#8230;."},"content":{"rendered":"<p>Unsere Sch\u00fclerin Elisabeth wurde mit einem donnernden Applaus und Gottes Segen beim Ostergottesdienst verabschiedet. Sie darf ab nun in Hof Tollet in der K\u00fcche arbeiten. Nat\u00fcrlich wurde auch in der Klasse noch gefeiert. Wir w\u00fcnschen Elisabeth &#8211; die unsere Klassengemeinschaft in der AVL Klasse stets positiv bereicherte &#8211; alles Gute f\u00fcr den neunen Lebensabschnitt!<\/p>\n\n\n<div id=\"gslideshow\" class=\"gss-container no-captions\">\n\t<div class=\"cycle-slideshow\" \n\t\tdata-cycle-slides=\"> a\"\n\t\tdata-cycle-paused=\"true\"\n\t\tdata-cycle-prev=\"#gslideshow_prev\"\n\t\tdata-cycle-next=\"#gslideshow_next\"\n\t\tdata-cycle-pager=\"#gslideshow_pager\"\n\t\tdata-cycle-pager-template=\"<a href=#>&nbsp;<\/a>\"\n\t\tdata-cycle-speed=\"750\"\n\t\t>\n\t\t\t<a href=\"http:\/\/www.stifterschule.ried.at\/cms\/2023\/04\/15\/ein-neuer-lebesnabschnitt-beginnt\/unbenannt4-6\/\" data-cycle-caption=\"\"><img decoding=\"async\" src=\"http:\/\/www.stifterschule.ried.at\/cms\/wp-content\/uploads\/2023\/04\/Unbenannt4.jpg\" title=\"Unbenannt4\" alt=\"Unbenannt4\" \/><\/a>\n\n\t\t\t<a href=\"http:\/\/www.stifterschule.ried.at\/cms\/2023\/04\/15\/ein-neuer-lebesnabschnitt-beginnt\/unbenannt3-7\/\" data-cycle-caption=\"\"><img decoding=\"async\" src=\"http:\/\/www.stifterschule.ried.at\/cms\/wp-content\/uploads\/2023\/04\/Unbenannt3.jpg\" title=\"Unbenannt3\" alt=\"Unbenannt3\" \/><\/a>\n\n\t\t\t<a href=\"http:\/\/www.stifterschule.ried.at\/cms\/2023\/04\/15\/ein-neuer-lebesnabschnitt-beginnt\/unbenannt1-4\/\" data-cycle-caption=\"\"><img decoding=\"async\" src=\"http:\/\/www.stifterschule.ried.at\/cms\/wp-content\/uploads\/2023\/04\/Unbenannt1.jpg\" title=\"Unbenannt1\" alt=\"Unbenannt1\" \/><\/a>\n\n\t\t\t<a href=\"http:\/\/www.stifterschule.ried.at\/cms\/2023\/04\/15\/ein-neuer-lebesnabschnitt-beginnt\/unbenannt2-5\/\" data-cycle-caption=\"\"><img decoding=\"async\" src=\"http:\/\/www.stifterschule.ried.at\/cms\/wp-content\/uploads\/2023\/04\/Unbenannt2.jpg\" title=\"Unbenannt2\" alt=\"Unbenannt2\" \/><\/a>\n\n\t\t\t<a href=\"http:\/\/www.stifterschule.ried.at\/cms\/2023\/04\/15\/ein-neuer-lebesnabschnitt-beginnt\/unbenannt-7\/\" data-cycle-caption=\"\"><img decoding=\"async\" src=\"http:\/\/www.stifterschule.ried.at\/cms\/wp-content\/uploads\/2023\/04\/Unbenannt.jpg\" title=\"Unbenannt\" alt=\"Unbenannt\" \/><\/a>\n\t<\/div>\n\t<div class=\"gss-info\">\n\t\t<div class=\"gss-nav\"><div id=\"gslideshow_prev\" class=\"gss-prev\">&lt;<\/div><div id=\"gslideshow_play\" class=\"gss-play\">&#9658;<\/div><div id=\"gslideshow_next\" class=\"gss-next\">&gt;<\/div><\/div>\n\t\t\t<div id=\"gslideshow_pager\" class=\"gss-pager\"><\/div>\n\t<\/div>\n<\/div>\n\n\n","protected":false},"excerpt":{"rendered":"<p>Unsere Sch\u00fclerin Elisabeth wurde mit einem donnernden Applaus und Gottes Segen beim Ostergottesdienst verabschiedet. Sie darf ab nun in Hof Tollet in der K\u00fcche arbeiten. Nat\u00fcrlich wurde auch in der Klasse noch gefeiert. Wir w\u00fcnschen Elisabeth &#8211; die unsere Klassengemeinschaft&hellip; <\/p>\n","protected":false},"author":1,"featured_media":4127,"comment_status":"closed","ping_status":"open","sticky":false,"template":"","format":"standard","meta":{"footnotes":""},"categories":[5,1,7,3],"tags":[],"class_list":["post-4122","post","type-post","status-publish","format-standard","has-post-thumbnail","hentry","category-aktuelles","category-allgemein","category-nichtaufstartseite","category-startseite"],"_links":{"self":[{"href":"http:\/\/www.stifterschule.ried.at\/cms\/wp-json\/wp\/v2\/posts\/4122","targetHints":{"allow":["GET"]}}],"collection":[{"href":"http:\/\/www.stifterschule.ried.at\/cms\/wp-json\/wp\/v2\/posts"}],"about":[{"href":"http:\/\/www.stifterschule.ried.at\/cms\/wp-json\/wp\/v2\/types\/post"}],"author":[{"embeddable":true,"href":"http:\/\/www.stifterschule.ried.at\/cms\/wp-json\/wp\/v2\/users\/1"}],"replies":[{"embeddable":true,"href":"http:\/\/www.stifterschule.ried.at\/cms\/wp-json\/wp\/v2\/comments?post=4122"}],"version-history":[{"count":1,"href":"http:\/\/www.stifterschule.ried.at\/cms\/wp-json\/wp\/v2\/posts\/4122\/revisions"}],"predecessor-version":[{"id":4128,"href":"http:\/\/www.stifterschule.ried.at\/cms\/wp-json\/wp\/v2\/posts\/4122\/revisions\/4128"}],"wp:featuredmedia":[{"embeddable":true,"href":"http:\/\/www.stifterschule.ried.at\/cms\/wp-json\/wp\/v2\/media\/4127"}],"wp:attachment":[{"href":"http:\/\/www.stifterschule.ried.at\/cms\/wp-json\/wp\/v2\/media?parent=4122"}],"wp:term":[{"taxonomy":"category","embeddable":true,"href":"http:\/\/www.stifterschule.ried.at\/cms\/wp-json\/wp\/v2\/categories?post=4122"},{"taxonomy":"post_tag","embeddable":true,"href":"http:\/\/www.stifterschule.ried.at\/cms\/wp-json\/wp\/v2\/tags?post=4122"}],"curies":[{"name":"wp","href":"https:\/\/api.w.org\/{rel}","templated":true}]}}