{"id":4129,"date":"2023-04-21T15:09:59","date_gmt":"2023-04-21T13:09:59","guid":{"rendered":"http:\/\/www.stifterschule.ried.at\/cms\/?p=4129"},"modified":"2023-09-11T18:38:06","modified_gmt":"2023-09-11T16:38:06","slug":"erfolgreiche-muellsammelaktion","status":"publish","type":"post","link":"http:\/\/www.stifterschule.ried.at\/cms\/2023\/04\/21\/erfolgreiche-muellsammelaktion\/","title":{"rendered":"Erfolgreiche M\u00fcllsammelaktion"},"content":{"rendered":"<p class=\"Normal tm5\"><span class=\"tm7\">Am Dienstag, dem 18. April, starteten unsere Sch\u00fclerInnen im Nachmittagsunterricht in Kooperation mit den Clean4tlern O\u00d6 eine M\u00fcllsammelaktion. Nach einem kurzen sportlichen Aufw\u00e4rmen und ausgestattet mit Warnwesten, M\u00fclls\u00e4cken, Handschuhen und Greifzangen machten sich die Sch\u00fclerInnen auf den Weg in Richtung Messegel\u00e4nde. Dabei sammelten sie flei\u00dfig den achtlos weggeworfenen M\u00fcll wie Zigarettenstummel, Plastikflaschen, Aludosen bis hin zu Kleiderb\u00fcgeln ein. Insgesamt konnten die Sch\u00fclerInnen beachtliche 17 kg M\u00fcll anh\u00e4ufen, welche anschlie\u00dfend ins ASZ gebracht wurden. Danke an alle Sch\u00fclerInnen f\u00fcr diesen tatkr\u00e4ftigen und umweltbewussten Einsatz sowie an Christina und Thomas von den Clean4tlern O\u00d6 f\u00fcrs Kommen. Es war ein toller Nachmittag, der viel Spa\u00df machte!<\/span><\/p>\n\n\n<div id=\"gslideshow\" class=\"gss-container no-captions\">\n\t<div class=\"cycle-slideshow\" \n\t\tdata-cycle-slides=\"> a\"\n\t\tdata-cycle-paused=\"true\"\n\t\tdata-cycle-prev=\"#gslideshow_prev\"\n\t\tdata-cycle-next=\"#gslideshow_next\"\n\t\tdata-cycle-pager=\"#gslideshow_pager\"\n\t\tdata-cycle-pager-template=\"<a href=#>&nbsp;<\/a>\"\n\t\tdata-cycle-speed=\"750\"\n\t\t>\n\t\t\t<a href=\"http:\/\/www.stifterschule.ried.at\/cms\/2023\/04\/21\/erfolgreiche-muellsammelaktion\/unbenannt-8\/\" data-cycle-caption=\"\"><img decoding=\"async\" src=\"http:\/\/www.stifterschule.ried.at\/cms\/wp-content\/uploads\/2023\/04\/Unbenannt-1.jpg\" title=\"Unbenannt\" alt=\"Unbenannt\" \/><\/a>\n\n\t\t\t<a href=\"http:\/\/www.stifterschule.ried.at\/cms\/2023\/04\/21\/erfolgreiche-muellsammelaktion\/unbenannt1-5\/\" data-cycle-caption=\"\"><img decoding=\"async\" src=\"http:\/\/www.stifterschule.ried.at\/cms\/wp-content\/uploads\/2023\/04\/Unbenannt1-1.jpg\" title=\"Unbenannt1\" alt=\"Unbenannt1\" \/><\/a>\n\n\t\t\t<a href=\"http:\/\/www.stifterschule.ried.at\/cms\/2023\/04\/21\/erfolgreiche-muellsammelaktion\/unbenannt2-6\/\" data-cycle-caption=\"\"><img decoding=\"async\" src=\"http:\/\/www.stifterschule.ried.at\/cms\/wp-content\/uploads\/2023\/04\/Unbenannt2-1.jpg\" title=\"Unbenannt2\" alt=\"Unbenannt2\" \/><\/a>\n\n\t\t\t<a href=\"http:\/\/www.stifterschule.ried.at\/cms\/2023\/04\/21\/erfolgreiche-muellsammelaktion\/unbenannt3-8\/\" data-cycle-caption=\"\"><img decoding=\"async\" src=\"http:\/\/www.stifterschule.ried.at\/cms\/wp-content\/uploads\/2023\/04\/Unbenannt3-1.jpg\" title=\"Unbenannt3\" alt=\"Unbenannt3\" \/><\/a>\n\n\t\t\t<a href=\"http:\/\/www.stifterschule.ried.at\/cms\/2023\/04\/21\/erfolgreiche-muellsammelaktion\/unbenannt4-7\/\" data-cycle-caption=\"\"><img decoding=\"async\" src=\"http:\/\/www.stifterschule.ried.at\/cms\/wp-content\/uploads\/2023\/04\/Unbenannt4-1.jpg\" title=\"Unbenannt4\" alt=\"Unbenannt4\" \/><\/a>\n\n\t\t\t<a href=\"http:\/\/www.stifterschule.ried.at\/cms\/2023\/04\/21\/erfolgreiche-muellsammelaktion\/unbenannt5-5\/\" data-cycle-caption=\"\"><img decoding=\"async\" src=\"http:\/\/www.stifterschule.ried.at\/cms\/wp-content\/uploads\/2023\/04\/Unbenannt5.jpg\" title=\"Unbenannt5\" alt=\"Unbenannt5\" \/><\/a>\n\n\t\t\t<a href=\"http:\/\/www.stifterschule.ried.at\/cms\/2023\/04\/21\/erfolgreiche-muellsammelaktion\/unbenannt6-6\/\" data-cycle-caption=\"\"><img decoding=\"async\" src=\"http:\/\/www.stifterschule.ried.at\/cms\/wp-content\/uploads\/2023\/04\/Unbenannt6.jpg\" title=\"Unbenannt6\" alt=\"Unbenannt6\" \/><\/a>\n\t<\/div>\n\t<div class=\"gss-info\">\n\t\t<div class=\"gss-nav\"><div id=\"gslideshow_prev\" class=\"gss-prev\">&lt;<\/div><div id=\"gslideshow_play\" class=\"gss-play\">&#9658;<\/div><div id=\"gslideshow_next\" class=\"gss-next\">&gt;<\/div><\/div>\n\t\t\t<div id=\"gslideshow_pager\" class=\"gss-pager\"><\/div>\n\t<\/div>\n<\/div>\n\n\n","protected":false},"excerpt":{"rendered":"<p>Am Dienstag, dem 18. April, starteten unsere Sch\u00fclerInnen im Nachmittagsunterricht in Kooperation mit den Clean4tlern O\u00d6 eine M\u00fcllsammelaktion. Nach einem kurzen sportlichen Aufw\u00e4rmen und ausgestattet mit Warnwesten, M\u00fclls\u00e4cken, Handschuhen und Greifzangen machten sich die Sch\u00fclerInnen auf den Weg in Richtung&hellip; <\/p>\n","protected":false},"author":1,"featured_media":4134,"comment_status":"closed","ping_status":"open","sticky":false,"template":"","format":"standard","meta":{"footnotes":""},"categories":[5,1,7,3],"tags":[],"class_list":["post-4129","post","type-post","status-publish","format-standard","has-post-thumbnail","hentry","category-aktuelles","category-allgemein","category-nichtaufstartseite","category-startseite"],"_links":{"self":[{"href":"http:\/\/www.stifterschule.ried.at\/cms\/wp-json\/wp\/v2\/posts\/4129","targetHints":{"allow":["GET"]}}],"collection":[{"href":"http:\/\/www.stifterschule.ried.at\/cms\/wp-json\/wp\/v2\/posts"}],"about":[{"href":"http:\/\/www.stifterschule.ried.at\/cms\/wp-json\/wp\/v2\/types\/post"}],"author":[{"embeddable":true,"href":"http:\/\/www.stifterschule.ried.at\/cms\/wp-json\/wp\/v2\/users\/1"}],"replies":[{"embeddable":true,"href":"http:\/\/www.stifterschule.ried.at\/cms\/wp-json\/wp\/v2\/comments?post=4129"}],"version-history":[{"count":2,"href":"http:\/\/www.stifterschule.ried.at\/cms\/wp-json\/wp\/v2\/posts\/4129\/revisions"}],"predecessor-version":[{"id":4575,"href":"http:\/\/www.stifterschule.ried.at\/cms\/wp-json\/wp\/v2\/posts\/4129\/revisions\/4575"}],"wp:featuredmedia":[{"embeddable":true,"href":"http:\/\/www.stifterschule.ried.at\/cms\/wp-json\/wp\/v2\/media\/4134"}],"wp:attachment":[{"href":"http:\/\/www.stifterschule.ried.at\/cms\/wp-json\/wp\/v2\/media?parent=4129"}],"wp:term":[{"taxonomy":"category","embeddable":true,"href":"http:\/\/www.stifterschule.ried.at\/cms\/wp-json\/wp\/v2\/categories?post=4129"},{"taxonomy":"post_tag","embeddable":true,"href":"http:\/\/www.stifterschule.ried.at\/cms\/wp-json\/wp\/v2\/tags?post=4129"}],"curies":[{"name":"wp","href":"https:\/\/api.w.org\/{rel}","templated":true}]}}