{"id":4237,"date":"2023-06-28T19:21:36","date_gmt":"2023-06-28T17:21:36","guid":{"rendered":"http:\/\/www.stifterschule.ried.at\/cms\/?p=4237"},"modified":"2023-09-11T18:36:20","modified_gmt":"2023-09-11T16:36:20","slug":"welt-down-syndrom-tag","status":"publish","type":"post","link":"http:\/\/www.stifterschule.ried.at\/cms\/2023\/06\/28\/welt-down-syndrom-tag\/","title":{"rendered":"Welt-Down-Syndrom-Tag"},"content":{"rendered":"<p class=\"Normal tm5\"><span class=\"tm6\">Am 21.3.2023 haben wir in der Klasse den Welt-Down-Syndrom-Tag mit der Botschaft \u201eRock your socks\u201c gefeiert. An diesem Tag werden zwei unterschiedliche Socken getragen, um die menschliche Einzigartigkeit zu feiern. <\/span><\/p>\n<p class=\"Normal tm5\"><span class=\"tm6\">Wir tanzen, wir essen, wir genie\u00dfen, \u2026 und wir legen die F\u00fc\u00dfe auf den Tisch: Ausnahmsweise pr\u00e4sentieren wir unsere verschiedensten Socken auf dem Tisch!<\/span><\/p>\n\n\n<div id=\"gslideshow\" class=\"gss-container no-captions\">\n\t<div class=\"cycle-slideshow\" \n\t\tdata-cycle-slides=\"> a\"\n\t\tdata-cycle-paused=\"true\"\n\t\tdata-cycle-prev=\"#gslideshow_prev\"\n\t\tdata-cycle-next=\"#gslideshow_next\"\n\t\tdata-cycle-pager=\"#gslideshow_pager\"\n\t\tdata-cycle-pager-template=\"<a href=#>&nbsp;<\/a>\"\n\t\tdata-cycle-speed=\"750\"\n\t\t>\n\t\t\t<a href=\"http:\/\/www.stifterschule.ried.at\/cms\/2023\/06\/28\/welt-down-syndrom-tag\/rock-your-socks-2\/\" data-cycle-caption=\"\"><img decoding=\"async\" src=\"http:\/\/www.stifterschule.ried.at\/cms\/wp-content\/uploads\/2023\/06\/Rock-your-socks-2.jpg\" title=\"Rock your socks (2)\" alt=\"Rock your socks (2)\" \/><\/a>\n\n\t\t\t<a href=\"http:\/\/www.stifterschule.ried.at\/cms\/2023\/06\/28\/welt-down-syndrom-tag\/rock-your-socks-4\/\" data-cycle-caption=\"\"><img decoding=\"async\" src=\"http:\/\/www.stifterschule.ried.at\/cms\/wp-content\/uploads\/2023\/06\/Rock-your-socks-4.jpg\" title=\"Rock your socks (4)\" alt=\"Rock your socks (4)\" \/><\/a>\n\n\t\t\t<a href=\"http:\/\/www.stifterschule.ried.at\/cms\/2023\/06\/28\/welt-down-syndrom-tag\/rock-your-socks-5\/\" data-cycle-caption=\"\"><img decoding=\"async\" src=\"http:\/\/www.stifterschule.ried.at\/cms\/wp-content\/uploads\/2023\/06\/Rock-your-socks-5.jpg\" title=\"Rock your socks (5)\" alt=\"Rock your socks (5)\" \/><\/a>\n\t<\/div>\n\t<div class=\"gss-info\">\n\t\t<div class=\"gss-nav\"><div id=\"gslideshow_prev\" class=\"gss-prev\">&lt;<\/div><div id=\"gslideshow_play\" class=\"gss-play\">&#9658;<\/div><div id=\"gslideshow_next\" class=\"gss-next\">&gt;<\/div><\/div>\n\t\t\t<div id=\"gslideshow_pager\" class=\"gss-pager\"><\/div>\n\t<\/div>\n<\/div>\n\n\n","protected":false},"excerpt":{"rendered":"<p>Am 21.3.2023 haben wir in der Klasse den Welt-Down-Syndrom-Tag mit der Botschaft \u201eRock your socks\u201c gefeiert. An diesem Tag werden zwei unterschiedliche Socken getragen, um die menschliche Einzigartigkeit zu feiern. Wir tanzen, wir essen, wir genie\u00dfen, \u2026 und wir legen&hellip; <\/p>\n","protected":false},"author":1,"featured_media":4240,"comment_status":"closed","ping_status":"open","sticky":false,"template":"","format":"standard","meta":{"footnotes":""},"categories":[5,1,7,3],"tags":[],"class_list":["post-4237","post","type-post","status-publish","format-standard","has-post-thumbnail","hentry","category-aktuelles","category-allgemein","category-nichtaufstartseite","category-startseite"],"_links":{"self":[{"href":"http:\/\/www.stifterschule.ried.at\/cms\/wp-json\/wp\/v2\/posts\/4237","targetHints":{"allow":["GET"]}}],"collection":[{"href":"http:\/\/www.stifterschule.ried.at\/cms\/wp-json\/wp\/v2\/posts"}],"about":[{"href":"http:\/\/www.stifterschule.ried.at\/cms\/wp-json\/wp\/v2\/types\/post"}],"author":[{"embeddable":true,"href":"http:\/\/www.stifterschule.ried.at\/cms\/wp-json\/wp\/v2\/users\/1"}],"replies":[{"embeddable":true,"href":"http:\/\/www.stifterschule.ried.at\/cms\/wp-json\/wp\/v2\/comments?post=4237"}],"version-history":[{"count":1,"href":"http:\/\/www.stifterschule.ried.at\/cms\/wp-json\/wp\/v2\/posts\/4237\/revisions"}],"predecessor-version":[{"id":4241,"href":"http:\/\/www.stifterschule.ried.at\/cms\/wp-json\/wp\/v2\/posts\/4237\/revisions\/4241"}],"wp:featuredmedia":[{"embeddable":true,"href":"http:\/\/www.stifterschule.ried.at\/cms\/wp-json\/wp\/v2\/media\/4240"}],"wp:attachment":[{"href":"http:\/\/www.stifterschule.ried.at\/cms\/wp-json\/wp\/v2\/media?parent=4237"}],"wp:term":[{"taxonomy":"category","embeddable":true,"href":"http:\/\/www.stifterschule.ried.at\/cms\/wp-json\/wp\/v2\/categories?post=4237"},{"taxonomy":"post_tag","embeddable":true,"href":"http:\/\/www.stifterschule.ried.at\/cms\/wp-json\/wp\/v2\/tags?post=4237"}],"curies":[{"name":"wp","href":"https:\/\/api.w.org\/{rel}","templated":true}]}}