{"id":4275,"date":"2023-07-10T13:24:42","date_gmt":"2023-07-10T11:24:42","guid":{"rendered":"http:\/\/www.stifterschule.ried.at\/cms\/?p=4275"},"modified":"2023-09-11T18:39:54","modified_gmt":"2023-09-11T16:39:54","slug":"feriengruesse-von-der-gts","status":"publish","type":"post","link":"http:\/\/www.stifterschule.ried.at\/cms\/2023\/07\/10\/feriengruesse-von-der-gts\/","title":{"rendered":"Feriengr\u00fc\u00dfe von der GTS"},"content":{"rendered":"<p>In der GTS wurde vor Beginn der Sommerferien noch flei\u00dfig gebastelt. In beiden Gruppen wurden bleibende Kunstwerke geschaffen, die uns auch in Zukunft noch an unsere Schulabg\u00e4nger erinnern. Auch das ein oder andere Eis durften sich die Kinder schmecken lassen.<\/p>\n<p>Sch\u00f6ne Ferien!!!<\/p>\n<p>Die GTS startet wieder am Mittwoch in der ersten Schulwoche!<\/p>\n\n\n<div id=\"gslideshow\" class=\"gss-container no-captions\">\n\t<div class=\"cycle-slideshow\" \n\t\tdata-cycle-slides=\"> a\"\n\t\tdata-cycle-paused=\"true\"\n\t\tdata-cycle-prev=\"#gslideshow_prev\"\n\t\tdata-cycle-next=\"#gslideshow_next\"\n\t\tdata-cycle-pager=\"#gslideshow_pager\"\n\t\tdata-cycle-pager-template=\"<a href=#>&nbsp;<\/a>\"\n\t\tdata-cycle-speed=\"750\"\n\t\t>\n\t\t\t<a href=\"http:\/\/www.stifterschule.ried.at\/cms\/2023\/07\/10\/feriengruesse-von-der-gts\/unbenannt-15\/\" data-cycle-caption=\"\"><img decoding=\"async\" src=\"http:\/\/www.stifterschule.ried.at\/cms\/wp-content\/uploads\/2023\/07\/Unbenannt-1.jpg\" title=\"Unbenannt\" alt=\"Unbenannt\" \/><\/a>\n\n\t\t\t<a href=\"http:\/\/www.stifterschule.ried.at\/cms\/2023\/07\/10\/feriengruesse-von-der-gts\/unbenannt1-9\/\" data-cycle-caption=\"\"><img decoding=\"async\" src=\"http:\/\/www.stifterschule.ried.at\/cms\/wp-content\/uploads\/2023\/07\/Unbenannt1-1.jpg\" title=\"Unbenannt1\" alt=\"Unbenannt1\" \/><\/a>\n\n\t\t\t<a href=\"http:\/\/www.stifterschule.ried.at\/cms\/2023\/07\/10\/feriengruesse-von-der-gts\/unbenannt2-12\/\" data-cycle-caption=\"\"><img decoding=\"async\" src=\"http:\/\/www.stifterschule.ried.at\/cms\/wp-content\/uploads\/2023\/07\/Unbenannt2-1.jpg\" title=\"Unbenannt2\" alt=\"Unbenannt2\" \/><\/a>\n\n\t\t\t<a href=\"http:\/\/www.stifterschule.ried.at\/cms\/2023\/07\/10\/feriengruesse-von-der-gts\/unbenannt3-13\/\" data-cycle-caption=\"\"><img decoding=\"async\" src=\"http:\/\/www.stifterschule.ried.at\/cms\/wp-content\/uploads\/2023\/07\/Unbenannt3-1.jpg\" title=\"Unbenannt3\" alt=\"Unbenannt3\" \/><\/a>\n\n\t\t\t<a href=\"http:\/\/www.stifterschule.ried.at\/cms\/2023\/07\/10\/feriengruesse-von-der-gts\/unbenannt4-11\/\" data-cycle-caption=\"\"><img decoding=\"async\" src=\"http:\/\/www.stifterschule.ried.at\/cms\/wp-content\/uploads\/2023\/07\/Unbenannt4-1.jpg\" title=\"Unbenannt4\" alt=\"Unbenannt4\" \/><\/a>\n\n\t\t\t<a href=\"http:\/\/www.stifterschule.ried.at\/cms\/2023\/07\/10\/feriengruesse-von-der-gts\/unbenannt7-6\/\" data-cycle-caption=\"\"><img decoding=\"async\" src=\"http:\/\/www.stifterschule.ried.at\/cms\/wp-content\/uploads\/2023\/07\/Unbenannt7-1.jpg\" title=\"Unbenannt7\" alt=\"Unbenannt7\" \/><\/a>\n\n\t\t\t<a href=\"http:\/\/www.stifterschule.ried.at\/cms\/2023\/07\/10\/feriengruesse-von-der-gts\/unbenannt8-8\/\" data-cycle-caption=\"\"><img decoding=\"async\" src=\"http:\/\/www.stifterschule.ried.at\/cms\/wp-content\/uploads\/2023\/07\/Unbenannt8-1.jpg\" title=\"Unbenannt8\" alt=\"Unbenannt8\" \/><\/a>\n\n\t\t\t<a href=\"http:\/\/www.stifterschule.ried.at\/cms\/2023\/07\/10\/feriengruesse-von-der-gts\/unbenannt9-7\/\" data-cycle-caption=\"\"><img decoding=\"async\" src=\"http:\/\/www.stifterschule.ried.at\/cms\/wp-content\/uploads\/2023\/07\/Unbenannt9.jpg\" title=\"Unbenannt9\" alt=\"Unbenannt9\" \/><\/a>\n\t<\/div>\n\t<div class=\"gss-info\">\n\t\t<div class=\"gss-nav\"><div id=\"gslideshow_prev\" class=\"gss-prev\">&lt;<\/div><div id=\"gslideshow_play\" class=\"gss-play\">&#9658;<\/div><div id=\"gslideshow_next\" class=\"gss-next\">&gt;<\/div><\/div>\n\t\t\t<div id=\"gslideshow_pager\" class=\"gss-pager\"><\/div>\n\t<\/div>\n<\/div>\n\n\n","protected":false},"excerpt":{"rendered":"<p>In der GTS wurde vor Beginn der Sommerferien noch flei\u00dfig gebastelt. In beiden Gruppen wurden bleibende Kunstwerke geschaffen, die uns auch in Zukunft noch an unsere Schulabg\u00e4nger erinnern. Auch das ein oder andere Eis durften sich die Kinder schmecken lassen.&hellip; <\/p>\n","protected":false},"author":1,"featured_media":4278,"comment_status":"closed","ping_status":"open","sticky":false,"template":"","format":"standard","meta":{"footnotes":""},"categories":[5,1,7,3],"tags":[],"class_list":["post-4275","post","type-post","status-publish","format-standard","has-post-thumbnail","hentry","category-aktuelles","category-allgemein","category-nichtaufstartseite","category-startseite"],"_links":{"self":[{"href":"http:\/\/www.stifterschule.ried.at\/cms\/wp-json\/wp\/v2\/posts\/4275","targetHints":{"allow":["GET"]}}],"collection":[{"href":"http:\/\/www.stifterschule.ried.at\/cms\/wp-json\/wp\/v2\/posts"}],"about":[{"href":"http:\/\/www.stifterschule.ried.at\/cms\/wp-json\/wp\/v2\/types\/post"}],"author":[{"embeddable":true,"href":"http:\/\/www.stifterschule.ried.at\/cms\/wp-json\/wp\/v2\/users\/1"}],"replies":[{"embeddable":true,"href":"http:\/\/www.stifterschule.ried.at\/cms\/wp-json\/wp\/v2\/comments?post=4275"}],"version-history":[{"count":2,"href":"http:\/\/www.stifterschule.ried.at\/cms\/wp-json\/wp\/v2\/posts\/4275\/revisions"}],"predecessor-version":[{"id":4285,"href":"http:\/\/www.stifterschule.ried.at\/cms\/wp-json\/wp\/v2\/posts\/4275\/revisions\/4285"}],"wp:featuredmedia":[{"embeddable":true,"href":"http:\/\/www.stifterschule.ried.at\/cms\/wp-json\/wp\/v2\/media\/4278"}],"wp:attachment":[{"href":"http:\/\/www.stifterschule.ried.at\/cms\/wp-json\/wp\/v2\/media?parent=4275"}],"wp:term":[{"taxonomy":"category","embeddable":true,"href":"http:\/\/www.stifterschule.ried.at\/cms\/wp-json\/wp\/v2\/categories?post=4275"},{"taxonomy":"post_tag","embeddable":true,"href":"http:\/\/www.stifterschule.ried.at\/cms\/wp-json\/wp\/v2\/tags?post=4275"}],"curies":[{"name":"wp","href":"https:\/\/api.w.org\/{rel}","templated":true}]}}