{"id":4431,"date":"2023-11-23T16:21:30","date_gmt":"2023-11-23T15:21:30","guid":{"rendered":"http:\/\/www.stifterschule.ried.at\/cms\/?p=4431"},"modified":"2024-02-04T10:06:56","modified_gmt":"2024-02-04T09:06:56","slug":"waldpaedagogischer-ausflug-der-2i","status":"publish","type":"post","link":"http:\/\/www.stifterschule.ried.at\/cms\/2023\/11\/23\/waldpaedagogischer-ausflug-der-2i\/","title":{"rendered":"Waldp\u00e4dagogischer Ausflug der 2i"},"content":{"rendered":"<p class=\"Normal tm5\"><span class=\"tm6\">Am 13. Oktober 2023 besuchte die Inklusionsklasse 2i mit dem Waldp\u00e4dagogen Stephan Rechberger einen nahegelegenen Wald in Neuhofen.<\/span><\/p>\n<p class=\"Normal tm5\"><span class=\"tm6\">Es wurden die Regeln besprochen, die jeder Waldbesucher einhalten sollte und spielerisch der Waldboden erforscht. <\/span><\/p>\n<p class=\"Normal tm5\"><span class=\"tm6\">Nat\u00fcrlich durfte auch die gemeinsame Jause auf einem gem\u00fctlichen Pl\u00e4tzchen im Wald nicht fehlen. Nach unserer St\u00e4rkung packten wir alles wieder in unsere Rucks\u00e4cke und wagten uns an zwei<\/span><\/p>\n\n\n<div id=\"gslideshow\" class=\"gss-container no-captions\">\n\t<div class=\"cycle-slideshow\" \n\t\tdata-cycle-slides=\"> a\"\n\t\tdata-cycle-paused=\"true\"\n\t\tdata-cycle-prev=\"#gslideshow_prev\"\n\t\tdata-cycle-next=\"#gslideshow_next\"\n\t\tdata-cycle-pager=\"#gslideshow_pager\"\n\t\tdata-cycle-pager-template=\"<a href=#>&nbsp;<\/a>\"\n\t\tdata-cycle-speed=\"750\"\n\t\t>\n\t\t\t<a href=\"http:\/\/www.stifterschule.ried.at\/cms\/2023\/11\/23\/waldpaedagogischer-ausflug-der-2i\/20231011_092328\/\" data-cycle-caption=\"\"><img decoding=\"async\" src=\"http:\/\/www.stifterschule.ried.at\/cms\/wp-content\/uploads\/2023\/11\/20231011_092328.jpg\" title=\"20231011_092328\" alt=\"20231011_092328\" \/><\/a>\n\n\t\t\t<a href=\"http:\/\/www.stifterschule.ried.at\/cms\/2023\/11\/23\/waldpaedagogischer-ausflug-der-2i\/20231011_100705\/\" data-cycle-caption=\"\"><img decoding=\"async\" src=\"http:\/\/www.stifterschule.ried.at\/cms\/wp-content\/uploads\/2023\/11\/20231011_100705.jpg\" title=\"20231011_100705\" alt=\"20231011_100705\" \/><\/a>\n\n\t\t\t<a href=\"http:\/\/www.stifterschule.ried.at\/cms\/2023\/11\/23\/waldpaedagogischer-ausflug-der-2i\/20231011_091142\/\" data-cycle-caption=\"\"><img decoding=\"async\" src=\"http:\/\/www.stifterschule.ried.at\/cms\/wp-content\/uploads\/2023\/11\/20231011_091142.jpg\" title=\"20231011_091142\" alt=\"20231011_091142\" \/><\/a>\n\n\t\t\t<a href=\"http:\/\/www.stifterschule.ried.at\/cms\/2023\/11\/23\/waldpaedagogischer-ausflug-der-2i\/20231011_103238\/\" data-cycle-caption=\"\"><img decoding=\"async\" src=\"http:\/\/www.stifterschule.ried.at\/cms\/wp-content\/uploads\/2023\/11\/20231011_103238.jpg\" title=\"20231011_103238\" alt=\"20231011_103238\" \/><\/a>\n\t<\/div>\n\t<div class=\"gss-info\">\n\t\t<div class=\"gss-nav\"><div id=\"gslideshow_prev\" class=\"gss-prev\">&lt;<\/div><div id=\"gslideshow_play\" class=\"gss-play\">&#9658;<\/div><div id=\"gslideshow_next\" class=\"gss-next\">&gt;<\/div><\/div>\n\t\t\t<div id=\"gslideshow_pager\" class=\"gss-pager\"><\/div>\n\t<\/div>\n<\/div>\n\n\n<p class=\"Normal tm5\"><span class=\"tm6\">weitere Spiel\u00fcbungen, die unsere Sinne sch\u00e4rften.<\/span><\/p>\n<p class=\"Normal tm5\"><span class=\"tm6\">Es war eine tolle Erfahrung!<\/span><\/p>\n","protected":false},"excerpt":{"rendered":"<p>Am 13. Oktober 2023 besuchte die Inklusionsklasse 2i mit dem Waldp\u00e4dagogen Stephan Rechberger einen nahegelegenen Wald in Neuhofen. Es wurden die Regeln besprochen, die jeder Waldbesucher einhalten sollte und spielerisch der Waldboden erforscht. Nat\u00fcrlich durfte auch die gemeinsame Jause auf&hellip; <\/p>\n","protected":false},"author":1,"featured_media":4433,"comment_status":"closed","ping_status":"open","sticky":false,"template":"","format":"standard","meta":{"footnotes":""},"categories":[5,1,7],"tags":[],"class_list":["post-4431","post","type-post","status-publish","format-standard","has-post-thumbnail","hentry","category-aktuelles","category-allgemein","category-nichtaufstartseite"],"_links":{"self":[{"href":"http:\/\/www.stifterschule.ried.at\/cms\/wp-json\/wp\/v2\/posts\/4431","targetHints":{"allow":["GET"]}}],"collection":[{"href":"http:\/\/www.stifterschule.ried.at\/cms\/wp-json\/wp\/v2\/posts"}],"about":[{"href":"http:\/\/www.stifterschule.ried.at\/cms\/wp-json\/wp\/v2\/types\/post"}],"author":[{"embeddable":true,"href":"http:\/\/www.stifterschule.ried.at\/cms\/wp-json\/wp\/v2\/users\/1"}],"replies":[{"embeddable":true,"href":"http:\/\/www.stifterschule.ried.at\/cms\/wp-json\/wp\/v2\/comments?post=4431"}],"version-history":[{"count":1,"href":"http:\/\/www.stifterschule.ried.at\/cms\/wp-json\/wp\/v2\/posts\/4431\/revisions"}],"predecessor-version":[{"id":4436,"href":"http:\/\/www.stifterschule.ried.at\/cms\/wp-json\/wp\/v2\/posts\/4431\/revisions\/4436"}],"wp:featuredmedia":[{"embeddable":true,"href":"http:\/\/www.stifterschule.ried.at\/cms\/wp-json\/wp\/v2\/media\/4433"}],"wp:attachment":[{"href":"http:\/\/www.stifterschule.ried.at\/cms\/wp-json\/wp\/v2\/media?parent=4431"}],"wp:term":[{"taxonomy":"category","embeddable":true,"href":"http:\/\/www.stifterschule.ried.at\/cms\/wp-json\/wp\/v2\/categories?post=4431"},{"taxonomy":"post_tag","embeddable":true,"href":"http:\/\/www.stifterschule.ried.at\/cms\/wp-json\/wp\/v2\/tags?post=4431"}],"curies":[{"name":"wp","href":"https:\/\/api.w.org\/{rel}","templated":true}]}}