{"id":4865,"date":"2024-10-10T17:06:21","date_gmt":"2024-10-10T15:06:21","guid":{"rendered":"http:\/\/www.stifterschule.ried.at\/cms\/?p=4865"},"modified":"2024-11-23T16:00:05","modified_gmt":"2024-11-23T15:00:05","slug":"wandertag-2i-und-6f","status":"publish","type":"post","link":"http:\/\/www.stifterschule.ried.at\/cms\/2024\/10\/10\/wandertag-2i-und-6f\/","title":{"rendered":"Wandertag 2i und 6f"},"content":{"rendered":"<p>Die 2i Klasse nutzte gemeinsam mit der Partnerklasse am Dienstag, 8. 10. das sch\u00f6ne Herbstwetter f\u00fcr einen Wandertag. Ausgehend von der Schule, ging es nach Auorlzm\u00fcnster auf den Spielplatz. Wir spazierten entlang der Antiesen und konnten uns auf dem Weg \u00fcber verschiedene Herbstgr\u00fc\u00dfe erfreuen. Am Ziel angekommen wurde nach einer ordentlichen St\u00e4rkung die Zeit mit Spielen verbracht. Zu Mittag ging es mit dem Zug wieder zur\u00fcck nach Ried.<\/p>\n\n\n<div id=\"gslideshow\" class=\"gss-container no-captions\">\n\t<div class=\"cycle-slideshow\" \n\t\tdata-cycle-slides=\"> a\"\n\t\tdata-cycle-paused=\"true\"\n\t\tdata-cycle-prev=\"#gslideshow_prev\"\n\t\tdata-cycle-next=\"#gslideshow_next\"\n\t\tdata-cycle-pager=\"#gslideshow_pager\"\n\t\tdata-cycle-pager-template=\"<a href=#>&nbsp;<\/a>\"\n\t\tdata-cycle-speed=\"750\"\n\t\t>\n\t\t\t<a href=\"http:\/\/www.stifterschule.ried.at\/cms\/2024\/10\/10\/wandertag-2i-und-6f\/unbenannt1-20\/\" data-cycle-caption=\"\"><img decoding=\"async\" src=\"http:\/\/www.stifterschule.ried.at\/cms\/wp-content\/uploads\/2024\/10\/Unbenannt1.jpeg\" title=\"Unbenannt1\" alt=\"Unbenannt1\" \/><\/a>\n\n\t\t\t<a href=\"http:\/\/www.stifterschule.ried.at\/cms\/2024\/10\/10\/wandertag-2i-und-6f\/unbenannt2-25\/\" data-cycle-caption=\"\"><img decoding=\"async\" src=\"http:\/\/www.stifterschule.ried.at\/cms\/wp-content\/uploads\/2024\/10\/Unbenannt2.jpeg\" title=\"Unbenannt2\" alt=\"Unbenannt2\" \/><\/a>\n\n\t\t\t<a href=\"http:\/\/www.stifterschule.ried.at\/cms\/2024\/10\/10\/wandertag-2i-und-6f\/unbenannt3-22\/\" data-cycle-caption=\"\"><img decoding=\"async\" src=\"http:\/\/www.stifterschule.ried.at\/cms\/wp-content\/uploads\/2024\/10\/Unbenannt3.jpeg\" title=\"Unbenannt3\" alt=\"Unbenannt3\" \/><\/a>\n\t<\/div>\n\t<div class=\"gss-info\">\n\t\t<div class=\"gss-nav\"><div id=\"gslideshow_prev\" class=\"gss-prev\">&lt;<\/div><div id=\"gslideshow_play\" class=\"gss-play\">&#9658;<\/div><div id=\"gslideshow_next\" class=\"gss-next\">&gt;<\/div><\/div>\n\t\t\t<div id=\"gslideshow_pager\" class=\"gss-pager\"><\/div>\n\t<\/div>\n<\/div>\n\n\n","protected":false},"excerpt":{"rendered":"<p>Die 2i Klasse nutzte gemeinsam mit der Partnerklasse am Dienstag, 8. 10. das sch\u00f6ne Herbstwetter f\u00fcr einen Wandertag. Ausgehend von der Schule, ging es nach Auorlzm\u00fcnster auf den Spielplatz. Wir spazierten entlang der Antiesen und konnten uns auf dem Weg&hellip; <\/p>\n","protected":false},"author":1,"featured_media":4868,"comment_status":"closed","ping_status":"open","sticky":false,"template":"","format":"standard","meta":{"footnotes":""},"categories":[5,1,7,3],"tags":[],"class_list":["post-4865","post","type-post","status-publish","format-standard","has-post-thumbnail","hentry","category-aktuelles","category-allgemein","category-nichtaufstartseite","category-startseite"],"_links":{"self":[{"href":"http:\/\/www.stifterschule.ried.at\/cms\/wp-json\/wp\/v2\/posts\/4865","targetHints":{"allow":["GET"]}}],"collection":[{"href":"http:\/\/www.stifterschule.ried.at\/cms\/wp-json\/wp\/v2\/posts"}],"about":[{"href":"http:\/\/www.stifterschule.ried.at\/cms\/wp-json\/wp\/v2\/types\/post"}],"author":[{"embeddable":true,"href":"http:\/\/www.stifterschule.ried.at\/cms\/wp-json\/wp\/v2\/users\/1"}],"replies":[{"embeddable":true,"href":"http:\/\/www.stifterschule.ried.at\/cms\/wp-json\/wp\/v2\/comments?post=4865"}],"version-history":[{"count":1,"href":"http:\/\/www.stifterschule.ried.at\/cms\/wp-json\/wp\/v2\/posts\/4865\/revisions"}],"predecessor-version":[{"id":4869,"href":"http:\/\/www.stifterschule.ried.at\/cms\/wp-json\/wp\/v2\/posts\/4865\/revisions\/4869"}],"wp:featuredmedia":[{"embeddable":true,"href":"http:\/\/www.stifterschule.ried.at\/cms\/wp-json\/wp\/v2\/media\/4868"}],"wp:attachment":[{"href":"http:\/\/www.stifterschule.ried.at\/cms\/wp-json\/wp\/v2\/media?parent=4865"}],"wp:term":[{"taxonomy":"category","embeddable":true,"href":"http:\/\/www.stifterschule.ried.at\/cms\/wp-json\/wp\/v2\/categories?post=4865"},{"taxonomy":"post_tag","embeddable":true,"href":"http:\/\/www.stifterschule.ried.at\/cms\/wp-json\/wp\/v2\/tags?post=4865"}],"curies":[{"name":"wp","href":"https:\/\/api.w.org\/{rel}","templated":true}]}}